{"id":15283,"date":"2026-03-15T17:57:50","date_gmt":"2026-03-15T16:57:50","guid":{"rendered":"https:\/\/lindenpark.pl\/?p=15283"},"modified":"2026-03-15T18:05:07","modified_gmt":"2026-03-15T17:05:07","slug":"linden-park-ostrzeszow-urodziny-i-warsztaty","status":"publish","type":"post","link":"https:\/\/lindenpark.pl\/en\/linden-park-ostrzeszow-urodziny-i-warsztaty\/","title":{"rendered":"Linden Park Ostrzesz\u00f3w \u2013 urodziny i warsztaty"},"content":{"rendered":"<div class=\"wp-block-media-text is-stacked-on-mobile\"><figure class=\"wp-block-media-text__media\"><img fetchpriority=\"high\" decoding=\"async\" width=\"768\" height=\"1024\" src=\"https:\/\/lindenpark.pl\/wp-content\/uploads\/2026\/03\/630026551_17894472012405491_8552699431003584064_n-768x1024.jpg\" alt=\"\" class=\"wp-image-15287 size-full\" srcset=\"https:\/\/lindenpark.pl\/wp-content\/uploads\/2026\/03\/630026551_17894472012405491_8552699431003584064_n-768x1024.jpg 768w, https:\/\/lindenpark.pl\/wp-content\/uploads\/2026\/03\/630026551_17894472012405491_8552699431003584064_n-225x300.jpg 225w, https:\/\/lindenpark.pl\/wp-content\/uploads\/2026\/03\/630026551_17894472012405491_8552699431003584064_n-1152x1536.jpg 1152w, https:\/\/lindenpark.pl\/wp-content\/uploads\/2026\/03\/630026551_17894472012405491_8552699431003584064_n-9x12.jpg 9w, https:\/\/lindenpark.pl\/wp-content\/uploads\/2026\/03\/630026551_17894472012405491_8552699431003584064_n-600x800.jpg 600w, https:\/\/lindenpark.pl\/wp-content\/uploads\/2026\/03\/630026551_17894472012405491_8552699431003584064_n-487x649.jpg 487w, https:\/\/lindenpark.pl\/wp-content\/uploads\/2026\/03\/630026551_17894472012405491_8552699431003584064_n-1320x1760.jpg 1320w, https:\/\/lindenpark.pl\/wp-content\/uploads\/2026\/03\/630026551_17894472012405491_8552699431003584064_n.jpg 1440w\" sizes=\"(max-width: 768px) 100vw, 768px\" \/><\/figure><div class=\"wp-block-media-text__content\">\n<p>S\u0105 miejsca, do kt\u00f3rych dzieci chc\u0105 wraca\u0107. <strong><a href=\"https:\/\/www.facebook.com\/lindenparkostrzeszow\">Linden Park Ostrzesz\u00f3w<\/a><\/strong> to w\u0142a\u015bnie jedna z takich przestrzeni. Miejsce, kt\u00f3re powsta\u0142o z my\u015bl\u0105 o prawdziwej dzieci\u0119cej rado\u015bci, tej spontanicznej, g\u0142o\u015bnej, czasem troch\u0119 chaotycznej, ale zawsze autentycznej.<\/p>\n\n\n\n<p>To centrum kreatywnej zabawy, w kt\u00f3rym dzieci mog\u0105 nie tylko sp\u0119dza\u0107 czas aktywnie, ale te\u017c rozwija\u0107 wyobra\u017ani\u0119, budowa\u0107 relacje i odkrywa\u0107 nowe pasje. Rodzice doceniaj\u0105 je za atmosfer\u0119, organizacj\u0119 i pomys\u0142owo\u015b\u0107, a dzieci \u2013 za emocje, kt\u00f3re zostaj\u0105 w pami\u0119ci na d\u0142ugo.<\/p>\n\n\n\n<p>W Linden Park zabawa nie jest przypadkowa. Ka\u017cda atrakcja, ka\u017cde wydarzenie i ka\u017cda aktywno\u015b\u0107 s\u0105 zaprojektowane tak, by wspiera\u0107 rozw\u00f3j dziecka w naturalny spos\u00f3b poprzez  tw\u00f3rczo\u015b\u0107 i wsp\u00f3lne do\u015bwiadczenia.<\/p>\n<\/div><\/div>\n\n\n\n<p style=\"font-size:16px\"><\/p>\n\n\n\n<h2 class=\"wp-block-heading\" style=\"font-size:38px\">Urodziny dla dzieci w Linden Park Ostrzesz\u00f3w <\/h2>\n\n\n\n<p>Urodziny w Linden Park Ostrzesz\u00f3w maj\u0105 wyj\u0105tkowy charakter. To nie tylko tort i prezenty. To poczucie bycia wa\u017cnym, zauwa\u017conym, otoczonym uwag\u0105. Ka\u017cde przyj\u0119cie urodzinowe traktowane jest jak ma\u0142e wydarzenie, kt\u00f3re ma przynie\u015b\u0107 rado\u015b\u0107 nie tylko jubilatowi, ale ca\u0142ej grupie.<\/p>\n\n\n\n<div class=\"wp-block-media-text is-stacked-on-mobile\"><figure class=\"wp-block-media-text__media\"><a href=\"https:\/\/lindenparkostrzeszow.pl\/ksiezniczkowe-spa\/\"><img decoding=\"async\" width=\"819\" height=\"1024\" src=\"https:\/\/lindenpark.pl\/wp-content\/uploads\/2026\/03\/spa-1-819x1024.jpg\" alt=\"\" class=\"wp-image-15289 size-full\" srcset=\"https:\/\/lindenpark.pl\/wp-content\/uploads\/2026\/03\/spa-1-819x1024.jpg 819w, https:\/\/lindenpark.pl\/wp-content\/uploads\/2026\/03\/spa-1-240x300.jpg 240w, https:\/\/lindenpark.pl\/wp-content\/uploads\/2026\/03\/spa-1-768x960.jpg 768w, https:\/\/lindenpark.pl\/wp-content\/uploads\/2026\/03\/spa-1-10x12.jpg 10w, https:\/\/lindenpark.pl\/wp-content\/uploads\/2026\/03\/spa-1-600x750.jpg 600w, https:\/\/lindenpark.pl\/wp-content\/uploads\/2026\/03\/spa-1-519x649.jpg 519w, https:\/\/lindenpark.pl\/wp-content\/uploads\/2026\/03\/spa-1.jpg 1080w\" sizes=\"(max-width: 819px) 100vw, 819px\" \/><\/a><\/figure><div class=\"wp-block-media-text__content\">\n<p><\/p>\n\n\n\n<p style=\"font-size:16px\"><strong>Organizacja przyj\u0119\u0107 urodzinowych<\/strong> zosta\u0142a tu przemy\u015blana w najdrobniejszych szczeg\u00f3\u0142ach. Dzieci maj\u0105 do dyspozycji specjaln\u0105 sal\u0119 urodzinow\u0105, opiek\u0119 animator\u00f3w, przygotowan\u0105 zastaw\u0119 oraz program zabaw dopasowany do wieku uczestnik\u00f3w. Rodzice zyskuj\u0105 spok\u00f3j, a dzieci \u2013 emocje, kt\u00f3re trudno odtworzy\u0107 w domowych warunkach.<\/p>\n\n\n\n<p style=\"font-size:16px\">Wa\u017cnym elementem przyj\u0119\u0107 jest r\u00f3wnie\u017c swobodna zabawa na terenie obiektu. To moment, w kt\u00f3rym dzieci mog\u0105 po prostu biega\u0107, skaka\u0107, \u015bmia\u0107 si\u0119 i by\u0107 razem \u2013 bez planu, bez presji, bez ogranicze\u0144.<\/p>\n<\/div><\/div>\n\n\n\n<h3 class=\"wp-block-heading\">Ksi\u0119\u017cniczkowe SPA \u2013 wyj\u0105tkowy pomys\u0142 na tematyczne urodziny<\/h3>\n\n\n\n<p style=\"font-size:16px\">Jedn\u0105 z najbardziej charakterystycznych propozycji urodzinowych w Linden Park s\u0105 przyj\u0119cia w formule <a href=\"https:\/\/lindenparkostrzeszow.pl\/ksiezniczkowe-spa\/\"><strong>Ksi\u0119\u017cniczkowego SPA<\/strong><\/a>. To oferta skierowana do dzieci od 6 roku \u017cycia, kt\u00f3re marz\u0105 o przyj\u0119ciu w bajkowym klimacie pe\u0142nym r\u00f3\u017cu, brokatu i relaksuj\u0105cych atrakcji.<\/p>\n\n\n\n<p style=\"font-size:16px\">Podczas takiego wydarzenia dzieci mog\u0105 uczestniczy\u0107 w zabiegach stylizacyjnych, takich jak manicure, pedicure, maseczki na twarz czy kolorowe warkoczyki z brokatem. Ca\u0142o\u015b\u0107 odbywa si\u0119 w przyjaznej, zabawowej atmosferze, kt\u00f3ra bardziej przypomina kreatywn\u0105 zabaw\u0119 ni\u017c klasyczny salon kosmetyczny.<\/p>\n\n\n\n<p style=\"font-size:16px\">Uczestnicy otrzymuj\u0105 r\u00f3\u017cowe szlafroki i opaski, co dodatkowo buduje wyj\u0105tkowy klimat wydarzenia. To element, kt\u00f3ry sprawia, \u017ce dzieci naprawd\u0119 czuj\u0105 si\u0119 jak bohaterki bajki.<\/p>\n\n\n\n<h3 class=\"wp-block-heading\">Pakiety Ksi\u0119\u017cniczkowego SPA \u2013 srebrny, z\u0142oty i diamentowy<\/h3>\n\n\n\n<p style=\"font-size:16px\">Oferta obejmuje trzy warianty pakiet\u00f3w, kt\u00f3re r\u00f3\u017cni\u0105 si\u0119 zakresem atrakcji i intensywno\u015bci\u0105 do\u015bwiadczenia.<\/p>\n\n\n\n<p style=\"font-size:16px\">Pakiet srebrny pozwala wybra\u0107 dwa zabiegi spo\u015br\u00f3d manicure, pedicure, maseczek czy stylizacji w\u0142os\u00f3w. Dodatkowo dzieci uczestnicz\u0105 w kreatywnych warsztatach, takich jak dekorowanie maseczek na oczy lub r\u00f3\u017cowych okular\u00f3w. W programie znajduje si\u0119 r\u00f3wnie\u017c mini disco lub projekcja bajki oraz s\u0142odki st\u00f3\u0142 z kolorowymi przek\u0105skami.<\/p>\n\n\n\n<p style=\"font-size:16px\">Pakiet z\u0142oty rozszerza do\u015bwiadczenie o wyb\u00f3r trzech zabieg\u00f3w SPA oraz dodatkowe elementy, takie jak lody z piankami czy bardziej rozbudowana oprawa animacyjna.<\/p>\n\n\n\n<p style=\"font-size:16px\">Najbardziej kompleksowy pakiet diamentowy obejmuje wszystkie zabiegi SPA, tort tematyczny Princess SPA lub alternatywnie pizz\u0119, a tak\u017ce jeszcze bogatsz\u0105 opraw\u0119 wydarzenia. To propozycja dla dzieci, kt\u00f3re marz\u0105 o naprawd\u0119 spektakularnych urodzinach.<\/p>\n\n\n\n<section class=\"wp-block-qi-blocks-columns qodef-gutenberg-section qodef--template qodef-block-bf3d79f4 qodef-col-num--3 qodef-col-layout--33 qodef-content--boxed\"><div class=\"qodef-section-background-overlay\"><\/div><div class=\"qodef-gutenberg-row\">\n<div class=\"wp-block-qi-blocks-column qodef-gutenberg-column qodef-block-4e718ea4\"><div class=\"qodef-gutenberg-column-inner\">\n<figure class=\"wp-block-image size-large\"><img decoding=\"async\" width=\"819\" height=\"1024\" src=\"https:\/\/lindenpark.pl\/wp-content\/uploads\/2026\/03\/srebrny-819x1024.jpg\" alt=\"\" class=\"wp-image-15290\" srcset=\"https:\/\/lindenpark.pl\/wp-content\/uploads\/2026\/03\/srebrny-819x1024.jpg 819w, https:\/\/lindenpark.pl\/wp-content\/uploads\/2026\/03\/srebrny-240x300.jpg 240w, https:\/\/lindenpark.pl\/wp-content\/uploads\/2026\/03\/srebrny-768x960.jpg 768w, https:\/\/lindenpark.pl\/wp-content\/uploads\/2026\/03\/srebrny-10x12.jpg 10w, https:\/\/lindenpark.pl\/wp-content\/uploads\/2026\/03\/srebrny-600x750.jpg 600w, https:\/\/lindenpark.pl\/wp-content\/uploads\/2026\/03\/srebrny-519x649.jpg 519w, https:\/\/lindenpark.pl\/wp-content\/uploads\/2026\/03\/srebrny.jpg 1080w\" sizes=\"(max-width: 819px) 100vw, 819px\" \/><\/figure>\n<\/div><\/div>\n\n\n\n<div class=\"wp-block-qi-blocks-column qodef-gutenberg-column qodef-block-bb8287be\"><div class=\"qodef-gutenberg-column-inner\">\n<figure class=\"wp-block-image size-large\"><img loading=\"lazy\" decoding=\"async\" width=\"819\" height=\"1024\" src=\"https:\/\/lindenpark.pl\/wp-content\/uploads\/2026\/03\/zloty-819x1024.jpg\" alt=\"\" class=\"wp-image-15291\" srcset=\"https:\/\/lindenpark.pl\/wp-content\/uploads\/2026\/03\/zloty-819x1024.jpg 819w, https:\/\/lindenpark.pl\/wp-content\/uploads\/2026\/03\/zloty-240x300.jpg 240w, https:\/\/lindenpark.pl\/wp-content\/uploads\/2026\/03\/zloty-768x960.jpg 768w, https:\/\/lindenpark.pl\/wp-content\/uploads\/2026\/03\/zloty-10x12.jpg 10w, https:\/\/lindenpark.pl\/wp-content\/uploads\/2026\/03\/zloty-600x750.jpg 600w, https:\/\/lindenpark.pl\/wp-content\/uploads\/2026\/03\/zloty-519x649.jpg 519w, https:\/\/lindenpark.pl\/wp-content\/uploads\/2026\/03\/zloty.jpg 1080w\" sizes=\"(max-width: 819px) 100vw, 819px\" \/><\/figure>\n<\/div><\/div>\n\n\n\n<div class=\"wp-block-qi-blocks-column qodef-gutenberg-column qodef-block-e6d1ea00\"><div class=\"qodef-gutenberg-column-inner\">\n<figure class=\"wp-block-image size-large\"><img loading=\"lazy\" decoding=\"async\" width=\"819\" height=\"1024\" src=\"https:\/\/lindenpark.pl\/wp-content\/uploads\/2026\/03\/diament-819x1024.jpg\" alt=\"\" class=\"wp-image-15292\" srcset=\"https:\/\/lindenpark.pl\/wp-content\/uploads\/2026\/03\/diament-819x1024.jpg 819w, https:\/\/lindenpark.pl\/wp-content\/uploads\/2026\/03\/diament-240x300.jpg 240w, https:\/\/lindenpark.pl\/wp-content\/uploads\/2026\/03\/diament-768x960.jpg 768w, https:\/\/lindenpark.pl\/wp-content\/uploads\/2026\/03\/diament-10x12.jpg 10w, https:\/\/lindenpark.pl\/wp-content\/uploads\/2026\/03\/diament-600x750.jpg 600w, https:\/\/lindenpark.pl\/wp-content\/uploads\/2026\/03\/diament-519x649.jpg 519w, https:\/\/lindenpark.pl\/wp-content\/uploads\/2026\/03\/diament.jpg 1080w\" sizes=\"(max-width: 819px) 100vw, 819px\" \/><\/figure>\n<\/div><\/div>\n<\/div><\/section>\n\n\n\n<h3 class=\"wp-block-heading\">Dodatkowe atrakcje \u2013 personalizacja przyj\u0119cia<\/h3>\n\n\n\n<p style=\"font-size:16px\">Organizatorzy przewidzieli r\u00f3wnie\u017c mo\u017cliwo\u015b\u0107 rozszerzenia programu o dodatkowe aktywno\u015bci. W\u015br\u00f3d nich znajduj\u0105 si\u0119 warsztaty DIY, dekorowanie szczotek do w\u0142os\u00f3w, tworzenie bransoletek czy tematyczne upominki dla go\u015bci. Takie elementy sprawiaj\u0105, \u017ce ka\u017cde przyj\u0119cie mo\u017ce mie\u0107 sw\u00f3j unikalny charakter.<br><\/p>\n\n\n\n<h2 class=\"wp-block-heading\" style=\"font-size:38px\">Warsztaty cykliczne \u2013 regularny rozw\u00f3j poprzez zabaw\u0119<\/h2>\n\n\n\n<p style=\"font-size:16px\">Linden Park to nie tylko miejsce jednorazowych wydarze\u0144. To r\u00f3wnie\u017c przestrze\u0144, w kt\u00f3rej dzieci mog\u0105 rozwija\u0107 swoje zainteresowania w spos\u00f3b regularny i naturalny. Zaj\u0119cia prowadzone s\u0105 przez profesjonalnych animator\u00f3w i dopasowane do wieku i poziomu kszta\u0142cenia dzieci.<\/p>\n\n\n\n<h3 class=\"wp-block-heading\">Warsztaty j\u0119zyka hiszpa\u0144skiego <\/h3>\n\n\n\n<p style=\"font-size:16px\">Zaj\u0119cia j\u0119zykowe prowadzone s\u0105 w formie zabawy, dzi\u0119ki czemu dzieci ucz\u0105 si\u0119 bez stresu i presji. Spotkania odbywaj\u0105 si\u0119 w dw\u00f3ch grupach wiekowych, co pozwala dopasowa\u0107 tempo i form\u0119 pracy do mo\u017cliwo\u015bci uczestnik\u00f3w. To propozycja dla rodzic\u00f3w, kt\u00f3rzy chc\u0105 wprowadzi\u0107 dziecko w \u015bwiat j\u0119zyk\u00f3w obcych w spos\u00f3b lekki i anga\u017cuj\u0105cy.<\/p>\n\n\n\n<h3 class=\"wp-block-heading\">Kreatywne \u015brody \u2013 tworzenie i eksperymentowanie<\/h3>\n\n\n\n<p style=\"font-size:16px\">Kreatywne \u015arody to cykl warsztat\u00f3w artystycznych, podczas kt\u00f3rych dzieci wykonuj\u0105 w\u0142asne projekty, takie jak \u0142apacze sn\u00f3w czy inne dekoracje. Ka\u017cde spotkanie ma sw\u00f3j temat i charakter, co sprawia, \u017ce zaj\u0119cia pozostaj\u0105 dla dzieci interesuj\u0105ce.<\/p>\n\n\n\n<p style=\"font-size:16px\">Takie aktywno\u015bci wspieraj\u0105 rozw\u00f3j zdolno\u015bci manualnych, koncentracji i wyobra\u017ani.<\/p>\n\n\n\n<h2 class=\"wp-block-heading\" style=\"font-size:38px\">Warsztaty dla szk\u00f3\u0142 i przedszkoli \u2013 edukacja w formie do\u015bwiadczenia<\/h2>\n\n\n\n<p style=\"font-size:16px\"><strong>Linden Park Ostrzesz\u00f3w<\/strong> przygotowa\u0142 tak\u017ce specjaln\u0105 ofert\u0119 skierowan\u0105 do plac\u00f3wek edukacyjnych. Program obejmuje godzin\u0119 warsztat\u00f3w oraz dwie godziny swobodnej zabawy w przestrzeni parku.<\/p>\n\n\n\n<p style=\"font-size:16px\">To po\u0142\u0105czenie nauki i aktywno\u015bci fizycznej sprawia, \u017ce dzieci rozwijaj\u0105 si\u0119 w spos\u00f3b holistyczny \u2013 poprzez dzia\u0142anie, kontakt z r\u00f3wie\u015bnikami i tw\u00f3rcz\u0105 ekspresj\u0119. Organizatorzy s\u0105 otwarci na dopasowanie tematyki zaj\u0119\u0107 do potrzeb danej grupy.<\/p>\n\n\n\n<h3 class=\"wp-block-heading\">Warsztaty wielkanocne dla szk\u00f3\u0142 i przedszkoli<\/h3>\n\n\n\n<div class=\"wp-block-media-text is-stacked-on-mobile\"><figure class=\"wp-block-media-text__media\"><img loading=\"lazy\" decoding=\"async\" width=\"722\" height=\"1024\" src=\"https:\/\/lindenpark.pl\/wp-content\/uploads\/2026\/03\/wielkanoc-grupy-722x1024.jpg\" alt=\"\" class=\"wp-image-15285 size-full\" srcset=\"https:\/\/lindenpark.pl\/wp-content\/uploads\/2026\/03\/wielkanoc-grupy-722x1024.jpg 722w, https:\/\/lindenpark.pl\/wp-content\/uploads\/2026\/03\/wielkanoc-grupy-211x300.jpg 211w, https:\/\/lindenpark.pl\/wp-content\/uploads\/2026\/03\/wielkanoc-grupy-768x1090.jpg 768w, https:\/\/lindenpark.pl\/wp-content\/uploads\/2026\/03\/wielkanoc-grupy-1082x1536.jpg 1082w, https:\/\/lindenpark.pl\/wp-content\/uploads\/2026\/03\/wielkanoc-grupy-8x12.jpg 8w, https:\/\/lindenpark.pl\/wp-content\/uploads\/2026\/03\/wielkanoc-grupy-564x800.jpg 564w, https:\/\/lindenpark.pl\/wp-content\/uploads\/2026\/03\/wielkanoc-grupy-457x649.jpg 457w, https:\/\/lindenpark.pl\/wp-content\/uploads\/2026\/03\/wielkanoc-grupy-1320x1873.jpg 1320w, https:\/\/lindenpark.pl\/wp-content\/uploads\/2026\/03\/wielkanoc-grupy-600x851.jpg 600w, https:\/\/lindenpark.pl\/wp-content\/uploads\/2026\/03\/wielkanoc-grupy.jpg 1410w\" sizes=\"(max-width: 722px) 100vw, 722px\" \/><\/figure><div class=\"wp-block-media-text__content\">\n<p style=\"font-size:16px\">W okresie przed\u015bwi\u0105tecznym <strong>Linden Park Ostrzesz\u00f3w <\/strong>przygotowuje specjalne warsztaty wielkanocne skierowane do grup przedszkolnych i szkolnych. To wyj\u0105tkowa propozycja, kt\u00f3ra \u0142\u0105czy elementy tw\u00f3rczej zabawy z wprowadzeniem dzieci w klimat nadchodz\u0105cych \u015bwi\u0105t.<\/p>\n\n\n\n<p style=\"font-size:16px\">Program zaj\u0119\u0107 zosta\u0142 zaplanowany tak, aby dzieci mog\u0142y aktywnie uczestniczy\u0107 w procesie tworzenia i jednocze\u015bnie rozwija\u0107 swoj\u0105 wyobra\u017ani\u0119 oraz zdolno\u015bci manualne. Podczas warsztat\u00f3w ka\u017cde dziecko otrzymuje drewnianego zaj\u0105czka o wysoko\u015bci oko\u0142o 25 centymetr\u00f3w oraz komplet materia\u0142\u00f3w potrzebnych do jego ozdobienia. Farby, dekoracje i dodatki pozwalaj\u0105 stworzy\u0107 unikaln\u0105, w\u0142asnor\u0119cznie wykonan\u0105 pami\u0105tk\u0119 wielkanocn\u0105. Ka\u017cdy etap warsztat\u00f3w prowadzony jest przez animatora, kt\u00f3ry pomaga, inspiruje i wspiera uczestnik\u00f3w w realizacji ich pomys\u0142\u00f3w.<\/p>\n\n\n\n<p>Efektem spotkania jest nie tylko <strong>pi\u0119knie ozdobiona dekoracja wielkanocna<\/strong>, kt\u00f3r\u0105 dzieci zabieraj\u0105 ze sob\u0105 do domu, ale tak\u017ce poczucie satysfakcji z w\u0142asnej pracy oraz pozytywne do\u015bwiadczenie wsp\u00f3lnego tworzenia.<\/p>\n\n\n\n<p>Warsztaty obejmuj\u0105 godzin\u0119 zaj\u0119\u0107 kreatywnych oraz dodatkowy czas na swobodn\u0105 zabaw\u0119 w przestrzeni Linden Park. Dzi\u0119ki temu dzieci mog\u0105 po\u0142\u0105czy\u0107 tw\u00f3rcze dzia\u0142ania z aktywnym wypoczynkiem i integracj\u0105 z r\u00f3wie\u015bnikami.<\/p>\n\n\n\n<p>To propozycja, kt\u00f3ra doskonale sprawdza si\u0119 jako wyjazd edukacyjny, urozmaicenie programu przedszkolnego lub szkolnego, a tak\u017ce spos\u00f3b na wprowadzenie dzieci w tradycje wielkanocne w atrakcyjnej i nowoczesnej formie.<\/p>\n<\/div><\/div>\n\n\n\n<p style=\"font-size:18px\"><\/p>\n\n\n\n<h2 class=\"wp-block-heading\" style=\"font-size:38px\">Odwied\u017a nas ju\u017c teraz <\/h2>\n\n\n\n<p style=\"font-size:18px\"><strong>Address:<\/strong> Galeria Borek, 1 pi\u0119tro, Ostrzesz\u00f3w<br>\u27a1\ufe0f <strong>\u015aled\u017a LP w social mediach, aby by\u0107 na bie\u017c\u0105co z wydarzeniami i promocjami:<\/strong><\/p>\n\n\n\n<p style=\"font-size:18px\"><a href=\"https:\/\/www.instagram.com\/lindenpark.ostrzeszow\/\"><strong>Instagram Linden Park Ostrzesz\u00f3w<\/strong><\/a><\/p>\n\n\n\n<p style=\"font-size:18px\"><a href=\"https:\/\/www.facebook.com\/lindenparkostrzeszow\"><strong>Facebook Linden Park Ostrzesz\u00f3w<\/strong><\/a><br><\/p>\n\n\n\n<ul class=\"wp-block-list\">\n<li><\/li>\n<\/ul>\n\n\n\n<p><\/p>","protected":false},"excerpt":{"rendered":"<p>S\u0105 miejsca, do kt\u00f3rych dzieci chc\u0105 wraca\u0107. Linden Park Ostrzesz\u00f3w to w\u0142a\u015bnie jedna z takich przestrzeni. Miejsce, kt\u00f3re powsta\u0142o z my\u015bl\u0105 o prawdziwej dzieci\u0119cej rado\u015bci, tej spontanicznej, g\u0142o\u015bnej, czasem troch\u0119 [&hellip;]<\/p>","protected":false},"author":6,"featured_media":14854,"comment_status":"open","ping_status":"open","sticky":false,"template":"","format":"standard","meta":{"_price":"","_stock":"","_tribe_ticket_header":"","_tribe_default_ticket_provider":"","_tribe_ticket_capacity":"0","_ticket_start_date":"","_ticket_end_date":"","_tribe_ticket_show_description":"","_tribe_ticket_show_not_going":false,"_tribe_ticket_use_global_stock":"","_tribe_ticket_global_stock_level":"","_global_stock_mode":"","_global_stock_cap":"","_tribe_rsvp_for_event":"","_tribe_ticket_going_count":"","_tribe_ticket_not_going_count":"","_tribe_tickets_list":"[]","_tribe_ticket_has_attendee_info_fields":false,"footnotes":"","_tec_slr_enabled":"","_tec_slr_layout":""},"categories":[95],"tags":[],"class_list":["post-15283","post","type-post","status-publish","format-standard","has-post-thumbnail","hentry","category-blog"],"yoast_head":"<!-- This site is optimized with the Yoast SEO plugin v26.0 - https:\/\/yoast.com\/wordpress\/plugins\/seo\/ -->\n<title>Linden Park Ostrzesz\u00f3w \u2013 urodziny i warsztaty - Lindenpark<\/title>\n<meta name=\"description\" content=\"Linden Park Ostrzesz\u00f3w to kreatywna sala zabaw z urodzinami, warsztatami i zaj\u0119ciami dla dzieci. Miejsce pe\u0142ne rado\u015bci, rozwoju i wyj\u0105tkowych wspomnie\u0144.\" \/>\n<meta name=\"robots\" content=\"index, follow, max-snippet:-1, max-image-preview:large, max-video-preview:-1\" \/>\n<link rel=\"canonical\" href=\"https:\/\/lindenpark.pl\/en\/linden-park-ostrzeszow-urodziny-i-warsztaty\/\" \/>\n<meta property=\"og:locale\" content=\"en_GB\" \/>\n<meta property=\"og:type\" content=\"article\" \/>\n<meta property=\"og:title\" content=\"Linden Park Ostrzesz\u00f3w \u2013 urodziny i warsztaty - Lindenpark\" \/>\n<meta property=\"og:description\" content=\"Linden Park Ostrzesz\u00f3w to kreatywna sala zabaw z urodzinami, warsztatami i zaj\u0119ciami dla dzieci. Miejsce pe\u0142ne rado\u015bci, rozwoju i wyj\u0105tkowych wspomnie\u0144.\" \/>\n<meta property=\"og:url\" content=\"https:\/\/lindenpark.pl\/en\/linden-park-ostrzeszow-urodziny-i-warsztaty\/\" \/>\n<meta property=\"og:site_name\" content=\"Lindenpark\" \/>\n<meta property=\"article:publisher\" content=\"https:\/\/www.facebook.com\/lindenpark.centrum\" \/>\n<meta property=\"article:published_time\" content=\"2026-03-15T16:57:50+00:00\" \/>\n<meta property=\"article:modified_time\" content=\"2026-03-15T17:05:07+00:00\" \/>\n<meta property=\"og:image\" content=\"https:\/\/lindenpark.pl\/wp-content\/uploads\/2025\/10\/AOS_4647-scaled.jpg\" \/>\n\t<meta property=\"og:image:width\" content=\"2560\" \/>\n\t<meta property=\"og:image:height\" content=\"1709\" \/>\n\t<meta property=\"og:image:type\" content=\"image\/jpeg\" \/>\n<meta name=\"author\" content=\"Iza Korczak\" \/>\n<meta name=\"twitter:card\" content=\"summary_large_image\" \/>\n<meta name=\"twitter:creator\" content=\"@KlockiLinden\" \/>\n<meta name=\"twitter:site\" content=\"@KlockiLinden\" \/>\n<meta name=\"twitter:label1\" content=\"Written by\" \/>\n\t<meta name=\"twitter:data1\" content=\"Iza Korczak\" \/>\n\t<meta name=\"twitter:label2\" content=\"Estimated reading time\" \/>\n\t<meta name=\"twitter:data2\" content=\"7 minutes\" \/>\n<script type=\"application\/ld+json\" class=\"yoast-schema-graph\">{\"@context\":\"https:\/\/schema.org\",\"@graph\":[{\"@type\":\"Article\",\"@id\":\"https:\/\/lindenpark.pl\/linden-park-ostrzeszow-urodziny-i-warsztaty\/#article\",\"isPartOf\":{\"@id\":\"https:\/\/lindenpark.pl\/linden-park-ostrzeszow-urodziny-i-warsztaty\/\"},\"author\":{\"name\":\"Iza Korczak\",\"@id\":\"https:\/\/lindenpark.pl\/#\/schema\/person\/021ee1e7d4ce263a3940391cb08960f5\"},\"headline\":\"Linden Park Ostrzesz\u00f3w \u2013 urodziny i warsztaty\",\"datePublished\":\"2026-03-15T16:57:50+00:00\",\"dateModified\":\"2026-03-15T17:05:07+00:00\",\"mainEntityOfPage\":{\"@id\":\"https:\/\/lindenpark.pl\/linden-park-ostrzeszow-urodziny-i-warsztaty\/\"},\"wordCount\":1106,\"commentCount\":0,\"publisher\":{\"@id\":\"https:\/\/lindenpark.pl\/#organization\"},\"image\":{\"@id\":\"https:\/\/lindenpark.pl\/linden-park-ostrzeszow-urodziny-i-warsztaty\/#primaryimage\"},\"thumbnailUrl\":\"https:\/\/lindenpark.pl\/wp-content\/uploads\/2025\/10\/AOS_4647-scaled.jpg\",\"articleSection\":[\"Blog\"],\"inLanguage\":\"en-GB\",\"potentialAction\":[{\"@type\":\"CommentAction\",\"name\":\"Comment\",\"target\":[\"https:\/\/lindenpark.pl\/linden-park-ostrzeszow-urodziny-i-warsztaty\/#respond\"]}]},{\"@type\":\"WebPage\",\"@id\":\"https:\/\/lindenpark.pl\/linden-park-ostrzeszow-urodziny-i-warsztaty\/\",\"url\":\"https:\/\/lindenpark.pl\/linden-park-ostrzeszow-urodziny-i-warsztaty\/\",\"name\":\"Linden Park Ostrzesz\u00f3w \u2013 urodziny i warsztaty - Lindenpark\",\"isPartOf\":{\"@id\":\"https:\/\/lindenpark.pl\/#website\"},\"primaryImageOfPage\":{\"@id\":\"https:\/\/lindenpark.pl\/linden-park-ostrzeszow-urodziny-i-warsztaty\/#primaryimage\"},\"image\":{\"@id\":\"https:\/\/lindenpark.pl\/linden-park-ostrzeszow-urodziny-i-warsztaty\/#primaryimage\"},\"thumbnailUrl\":\"https:\/\/lindenpark.pl\/wp-content\/uploads\/2025\/10\/AOS_4647-scaled.jpg\",\"datePublished\":\"2026-03-15T16:57:50+00:00\",\"dateModified\":\"2026-03-15T17:05:07+00:00\",\"description\":\"Linden Park Ostrzesz\u00f3w to kreatywna sala zabaw z urodzinami, warsztatami i zaj\u0119ciami dla dzieci. Miejsce pe\u0142ne rado\u015bci, rozwoju i wyj\u0105tkowych wspomnie\u0144.\",\"breadcrumb\":{\"@id\":\"https:\/\/lindenpark.pl\/linden-park-ostrzeszow-urodziny-i-warsztaty\/#breadcrumb\"},\"inLanguage\":\"en-GB\",\"potentialAction\":[{\"@type\":\"ReadAction\",\"target\":[\"https:\/\/lindenpark.pl\/linden-park-ostrzeszow-urodziny-i-warsztaty\/\"]}]},{\"@type\":\"ImageObject\",\"inLanguage\":\"en-GB\",\"@id\":\"https:\/\/lindenpark.pl\/linden-park-ostrzeszow-urodziny-i-warsztaty\/#primaryimage\",\"url\":\"https:\/\/lindenpark.pl\/wp-content\/uploads\/2025\/10\/AOS_4647-scaled.jpg\",\"contentUrl\":\"https:\/\/lindenpark.pl\/wp-content\/uploads\/2025\/10\/AOS_4647-scaled.jpg\",\"width\":2560,\"height\":1709},{\"@type\":\"BreadcrumbList\",\"@id\":\"https:\/\/lindenpark.pl\/linden-park-ostrzeszow-urodziny-i-warsztaty\/#breadcrumb\",\"itemListElement\":[{\"@type\":\"ListItem\",\"position\":1,\"name\":\"Strona g\u0142\u00f3wna\",\"item\":\"https:\/\/lindenpark.pl\/\"},{\"@type\":\"ListItem\",\"position\":2,\"name\":\"Linden Park Ostrzesz\u00f3w \u2013 urodziny i warsztaty\"}]},{\"@type\":\"WebSite\",\"@id\":\"https:\/\/lindenpark.pl\/#website\",\"url\":\"https:\/\/lindenpark.pl\/\",\"name\":\"Lindenpark - centrum kreatywnej zabawy\",\"description\":\"\",\"publisher\":{\"@id\":\"https:\/\/lindenpark.pl\/#organization\"},\"potentialAction\":[{\"@type\":\"SearchAction\",\"target\":{\"@type\":\"EntryPoint\",\"urlTemplate\":\"https:\/\/lindenpark.pl\/?s={search_term_string}\"},\"query-input\":{\"@type\":\"PropertyValueSpecification\",\"valueRequired\":true,\"valueName\":\"search_term_string\"}}],\"inLanguage\":\"en-GB\"},{\"@type\":\"Organization\",\"@id\":\"https:\/\/lindenpark.pl\/#organization\",\"name\":\"Lindenpark - centrum kreatywnej zabawy\",\"url\":\"https:\/\/lindenpark.pl\/\",\"logo\":{\"@type\":\"ImageObject\",\"inLanguage\":\"en-GB\",\"@id\":\"https:\/\/lindenpark.pl\/#\/schema\/logo\/image\/\",\"url\":\"https:\/\/lindenpark.pl\/wp-content\/uploads\/2022\/04\/lindenpark-logomobile.png\",\"contentUrl\":\"https:\/\/lindenpark.pl\/wp-content\/uploads\/2022\/04\/lindenpark-logomobile.png\",\"width\":150,\"height\":85,\"caption\":\"Lindenpark - centrum kreatywnej zabawy\"},\"image\":{\"@id\":\"https:\/\/lindenpark.pl\/#\/schema\/logo\/image\/\"},\"sameAs\":[\"https:\/\/www.facebook.com\/lindenpark.centrum\",\"https:\/\/x.com\/KlockiLinden\"]},{\"@type\":\"Person\",\"@id\":\"https:\/\/lindenpark.pl\/#\/schema\/person\/021ee1e7d4ce263a3940391cb08960f5\",\"name\":\"Iza Korczak\",\"image\":{\"@type\":\"ImageObject\",\"inLanguage\":\"en-GB\",\"@id\":\"https:\/\/lindenpark.pl\/#\/schema\/person\/image\/\",\"url\":\"https:\/\/lindenpark.pl\/wp-content\/litespeed\/avatar\/f9537f98f5467f798a08ef32c47a4690.jpg?ver=1776858639\",\"contentUrl\":\"https:\/\/lindenpark.pl\/wp-content\/litespeed\/avatar\/f9537f98f5467f798a08ef32c47a4690.jpg?ver=1776858639\",\"caption\":\"Iza Korczak\"},\"url\":\"https:\/\/lindenpark.pl\/en\/author\/iza\/\"}]}<\/script>\n<!-- \/ Yoast SEO plugin. -->","yoast_head_json":{"title":"Linden Park Ostrzesz\u00f3w \u2013 urodziny i warsztaty - Lindenpark","description":"Linden Park Ostrzesz\u00f3w to kreatywna sala zabaw z urodzinami, warsztatami i zaj\u0119ciami dla dzieci. Miejsce pe\u0142ne rado\u015bci, rozwoju i wyj\u0105tkowych wspomnie\u0144.","robots":{"index":"index","follow":"follow","max-snippet":"max-snippet:-1","max-image-preview":"max-image-preview:large","max-video-preview":"max-video-preview:-1"},"canonical":"https:\/\/lindenpark.pl\/en\/linden-park-ostrzeszow-urodziny-i-warsztaty\/","og_locale":"en_GB","og_type":"article","og_title":"Linden Park Ostrzesz\u00f3w \u2013 urodziny i warsztaty - Lindenpark","og_description":"Linden Park Ostrzesz\u00f3w to kreatywna sala zabaw z urodzinami, warsztatami i zaj\u0119ciami dla dzieci. Miejsce pe\u0142ne rado\u015bci, rozwoju i wyj\u0105tkowych wspomnie\u0144.","og_url":"https:\/\/lindenpark.pl\/en\/linden-park-ostrzeszow-urodziny-i-warsztaty\/","og_site_name":"Lindenpark","article_publisher":"https:\/\/www.facebook.com\/lindenpark.centrum","article_published_time":"2026-03-15T16:57:50+00:00","article_modified_time":"2026-03-15T17:05:07+00:00","og_image":[{"width":2560,"height":1709,"url":"https:\/\/lindenpark.pl\/wp-content\/uploads\/2025\/10\/AOS_4647-scaled.jpg","type":"image\/jpeg"}],"author":"Iza Korczak","twitter_card":"summary_large_image","twitter_creator":"@KlockiLinden","twitter_site":"@KlockiLinden","twitter_misc":{"Written by":"Iza Korczak","Estimated reading time":"7 minutes"},"schema":{"@context":"https:\/\/schema.org","@graph":[{"@type":"Article","@id":"https:\/\/lindenpark.pl\/linden-park-ostrzeszow-urodziny-i-warsztaty\/#article","isPartOf":{"@id":"https:\/\/lindenpark.pl\/linden-park-ostrzeszow-urodziny-i-warsztaty\/"},"author":{"name":"Iza Korczak","@id":"https:\/\/lindenpark.pl\/#\/schema\/person\/021ee1e7d4ce263a3940391cb08960f5"},"headline":"Linden Park Ostrzesz\u00f3w \u2013 urodziny i warsztaty","datePublished":"2026-03-15T16:57:50+00:00","dateModified":"2026-03-15T17:05:07+00:00","mainEntityOfPage":{"@id":"https:\/\/lindenpark.pl\/linden-park-ostrzeszow-urodziny-i-warsztaty\/"},"wordCount":1106,"commentCount":0,"publisher":{"@id":"https:\/\/lindenpark.pl\/#organization"},"image":{"@id":"https:\/\/lindenpark.pl\/linden-park-ostrzeszow-urodziny-i-warsztaty\/#primaryimage"},"thumbnailUrl":"https:\/\/lindenpark.pl\/wp-content\/uploads\/2025\/10\/AOS_4647-scaled.jpg","articleSection":["Blog"],"inLanguage":"en-GB","potentialAction":[{"@type":"CommentAction","name":"Comment","target":["https:\/\/lindenpark.pl\/linden-park-ostrzeszow-urodziny-i-warsztaty\/#respond"]}]},{"@type":"WebPage","@id":"https:\/\/lindenpark.pl\/linden-park-ostrzeszow-urodziny-i-warsztaty\/","url":"https:\/\/lindenpark.pl\/linden-park-ostrzeszow-urodziny-i-warsztaty\/","name":"Linden Park Ostrzesz\u00f3w \u2013 urodziny i warsztaty - Lindenpark","isPartOf":{"@id":"https:\/\/lindenpark.pl\/#website"},"primaryImageOfPage":{"@id":"https:\/\/lindenpark.pl\/linden-park-ostrzeszow-urodziny-i-warsztaty\/#primaryimage"},"image":{"@id":"https:\/\/lindenpark.pl\/linden-park-ostrzeszow-urodziny-i-warsztaty\/#primaryimage"},"thumbnailUrl":"https:\/\/lindenpark.pl\/wp-content\/uploads\/2025\/10\/AOS_4647-scaled.jpg","datePublished":"2026-03-15T16:57:50+00:00","dateModified":"2026-03-15T17:05:07+00:00","description":"Linden Park Ostrzesz\u00f3w to kreatywna sala zabaw z urodzinami, warsztatami i zaj\u0119ciami dla dzieci. Miejsce pe\u0142ne rado\u015bci, rozwoju i wyj\u0105tkowych wspomnie\u0144.","breadcrumb":{"@id":"https:\/\/lindenpark.pl\/linden-park-ostrzeszow-urodziny-i-warsztaty\/#breadcrumb"},"inLanguage":"en-GB","potentialAction":[{"@type":"ReadAction","target":["https:\/\/lindenpark.pl\/linden-park-ostrzeszow-urodziny-i-warsztaty\/"]}]},{"@type":"ImageObject","inLanguage":"en-GB","@id":"https:\/\/lindenpark.pl\/linden-park-ostrzeszow-urodziny-i-warsztaty\/#primaryimage","url":"https:\/\/lindenpark.pl\/wp-content\/uploads\/2025\/10\/AOS_4647-scaled.jpg","contentUrl":"https:\/\/lindenpark.pl\/wp-content\/uploads\/2025\/10\/AOS_4647-scaled.jpg","width":2560,"height":1709},{"@type":"BreadcrumbList","@id":"https:\/\/lindenpark.pl\/linden-park-ostrzeszow-urodziny-i-warsztaty\/#breadcrumb","itemListElement":[{"@type":"ListItem","position":1,"name":"Strona g\u0142\u00f3wna","item":"https:\/\/lindenpark.pl\/"},{"@type":"ListItem","position":2,"name":"Linden Park Ostrzesz\u00f3w \u2013 urodziny i warsztaty"}]},{"@type":"WebSite","@id":"https:\/\/lindenpark.pl\/#website","url":"https:\/\/lindenpark.pl\/","name":"Lindenpark - centrum kreatywnej zabawy","description":"","publisher":{"@id":"https:\/\/lindenpark.pl\/#organization"},"potentialAction":[{"@type":"SearchAction","target":{"@type":"EntryPoint","urlTemplate":"https:\/\/lindenpark.pl\/?s={search_term_string}"},"query-input":{"@type":"PropertyValueSpecification","valueRequired":true,"valueName":"search_term_string"}}],"inLanguage":"en-GB"},{"@type":"Organization","@id":"https:\/\/lindenpark.pl\/#organization","name":"Lindenpark - centrum kreatywnej zabawy","url":"https:\/\/lindenpark.pl\/","logo":{"@type":"ImageObject","inLanguage":"en-GB","@id":"https:\/\/lindenpark.pl\/#\/schema\/logo\/image\/","url":"https:\/\/lindenpark.pl\/wp-content\/uploads\/2022\/04\/lindenpark-logomobile.png","contentUrl":"https:\/\/lindenpark.pl\/wp-content\/uploads\/2022\/04\/lindenpark-logomobile.png","width":150,"height":85,"caption":"Lindenpark - centrum kreatywnej zabawy"},"image":{"@id":"https:\/\/lindenpark.pl\/#\/schema\/logo\/image\/"},"sameAs":["https:\/\/www.facebook.com\/lindenpark.centrum","https:\/\/x.com\/KlockiLinden"]},{"@type":"Person","@id":"https:\/\/lindenpark.pl\/#\/schema\/person\/021ee1e7d4ce263a3940391cb08960f5","name":"Iza Korczak","image":{"@type":"ImageObject","inLanguage":"en-GB","@id":"https:\/\/lindenpark.pl\/#\/schema\/person\/image\/","url":"https:\/\/lindenpark.pl\/wp-content\/litespeed\/avatar\/f9537f98f5467f798a08ef32c47a4690.jpg?ver=1776858639","contentUrl":"https:\/\/lindenpark.pl\/wp-content\/litespeed\/avatar\/f9537f98f5467f798a08ef32c47a4690.jpg?ver=1776858639","caption":"Iza Korczak"},"url":"https:\/\/lindenpark.pl\/en\/author\/iza\/"}]}},"ticketed":false,"_links":{"self":[{"href":"https:\/\/lindenpark.pl\/en\/wp-json\/wp\/v2\/posts\/15283","targetHints":{"allow":["GET"]}}],"collection":[{"href":"https:\/\/lindenpark.pl\/en\/wp-json\/wp\/v2\/posts"}],"about":[{"href":"https:\/\/lindenpark.pl\/en\/wp-json\/wp\/v2\/types\/post"}],"author":[{"embeddable":true,"href":"https:\/\/lindenpark.pl\/en\/wp-json\/wp\/v2\/users\/6"}],"replies":[{"embeddable":true,"href":"https:\/\/lindenpark.pl\/en\/wp-json\/wp\/v2\/comments?post=15283"}],"version-history":[{"count":6,"href":"https:\/\/lindenpark.pl\/en\/wp-json\/wp\/v2\/posts\/15283\/revisions"}],"predecessor-version":[{"id":15298,"href":"https:\/\/lindenpark.pl\/en\/wp-json\/wp\/v2\/posts\/15283\/revisions\/15298"}],"wp:featuredmedia":[{"embeddable":true,"href":"https:\/\/lindenpark.pl\/en\/wp-json\/wp\/v2\/media\/14854"}],"wp:attachment":[{"href":"https:\/\/lindenpark.pl\/en\/wp-json\/wp\/v2\/media?parent=15283"}],"wp:term":[{"taxonomy":"category","embeddable":true,"href":"https:\/\/lindenpark.pl\/en\/wp-json\/wp\/v2\/categories?post=15283"},{"taxonomy":"post_tag","embeddable":true,"href":"https:\/\/lindenpark.pl\/en\/wp-json\/wp\/v2\/tags?post=15283"}],"curies":[{"name":"wp","href":"https:\/\/api.w.org\/{rel}","templated":true}]}}